 {"id":4815,"date":"2020-06-18T22:24:03","date_gmt":"2020-06-18T22:24:03","guid":{"rendered":"https:\/\/lluislaw.com\/?p=4815"},"modified":"2020-06-18T22:25:54","modified_gmt":"2020-06-18T22:25:54","slug":"corte-suprema-de-ee-uu-decide-mantener-vigencia-del-programa-daca","status":"publish","type":"post","link":"https:\/\/lluislaw.com\/es\/corte-suprema-de-ee-uu-decide-mantener-vigencia-del-programa-daca\/","title":{"rendered":"Corte Suprema de EE.UU. decide mantener vigencia del programa DACA"},"content":{"rendered":"\n<p>En una cerrada votaci\u00f3n de 5 \u2013 4 que tuvo lugar el jueves 18 de junio, la Corte Suprema de Estados Unidos decidi\u00f3 bloquear los intentos de la administraci\u00f3n Trump de suspender el programa de Acci\u00f3n Diferida para los Llegados en la Infancia (DACA), que protege alrededor de unos 700 mil j\u00f3venes indocumentados con arraigo en el pa\u00eds, llamados <em>dreamers <\/em>(so\u00f1adores).<\/p>\n\n\n\n<p>Este programa creado por el gobierno de Barack Obama en 2012, fue eliminado por el presidente Donald Trump en 2017. Sin embargo, varias demandas acordadas por tribunales de distrito y federales impidieron que se consumara la decisi\u00f3n gubernamental.<\/p>\n\n\n\n<p>La decisi\u00f3n de los magistrados del m\u00e1ximo tribunal, ratifica as\u00ed los fallos de cortes inferiores que previamente hab\u00edan calificado de ilegal la decisi\u00f3n del gobierno federal de eliminar este programa.<\/p>\n\n\n\n<p>DACA brinda protecci\u00f3n a los j\u00f3venes inmigrantes indocumentados para evitar que sean deportados. Los miles de inmigrantes inscritos en el programa fueron tra\u00eddos a EE.UU siendo ni\u00f1os.<\/p>\n\n\n\n<div class=\"wp-block-media-text alignwide is-stacked-on-mobile\"><figure class=\"wp-block-media-text__media\"><img fetchpriority=\"high\" decoding=\"async\" width=\"800\" height=\"524\" src=\"https:\/\/lluislaw.com\/wp-content\/uploads\/2020\/04\/que-es-daca.jpg\" alt=\"Qu\u00e9 es DACA\" class=\"wp-image-3636\" srcset=\"https:\/\/lluislaw.com\/wp-content\/uploads\/2020\/04\/que-es-daca.jpg 800w, https:\/\/lluislaw.com\/wp-content\/uploads\/2020\/04\/que-es-daca-300x197.jpg 300w, https:\/\/lluislaw.com\/wp-content\/uploads\/2020\/04\/que-es-daca-768x503.jpg 768w\" sizes=\"(max-width: 800px) 100vw, 800px\" \/><\/figure><div class=\"wp-block-media-text__content\">\n<p class=\"has-medium-font-size\">En nuestro art\u00edculo &#8220;<a href=\"https:\/\/lluislaw.com\/es\/que-es-daca\/\">Qu\u00e9 es DACA<\/a>&#8221; puede aprender todo sobre este beneficio migratorio.<\/p>\n<\/div><\/div>\n\n\n\n<p>Tras el fallo de la Corte Suprema los beneficiarios de DACA \u2013 que hab\u00edan permanecido en un limbo jur\u00eddico &#8211; podr\u00e1n ahora renovar nuevamente su afiliaci\u00f3n al programa. DACA permite a los dreamers trabajar legalmente sin temor a ser deportados.<\/p>\n\n\n\n<p>La decisi\u00f3n del m\u00e1ximo tribunal cont\u00f3 con el voto de su presidente John Roberts, de tendencia conservadora, y de los jueces Elena Kagan, Ruth Bader Ginsburg, Sonia Sotomayor y Stephen Breyer.<\/p>\n\n\n\n<p>La Corte Suprema dijo que la medida del presidente Trump en contra de los beneficiarios de DACA hab\u00eda sido &#8220;arbitraria y caprichosa&#8221;. Este es un nuevo rev\u00e9s para la administraci\u00f3n Trump que hab\u00eda prometido eliminar el programa.<\/p>\n\n\n\n<p>Aunque el dictamen no impedir\u00e1 que el gobierno persista en su intento de poner fin a DACA. El caso de los dreamers estaba siendo considerado por el m\u00e1ximo tribunal de EE.UU desde noviembre de 2019.<\/p>\n\n\n\n<p>Al conocer el fallo, el presidente Trump manifest\u00f3 su rechazo a la decisi\u00f3n a trav\u00e9s de su cuenta de Twitter:<\/p>\n\n\n\n<blockquote class=\"wp-block-quote is-layout-flow wp-block-quote-is-layout-flow\"><p><em>&#8220;Estas decisiones horribles y con una motivaci\u00f3n pol\u00edtica que llegan de la Corte Suprema son disparos en la cara de aquellos orgullosos de considerarse republicanos o conservadores. Necesitamos m\u00e1s jueces o perderemos la 2\u00aa enmienda [que garantiza el derecho a portar armas] y todo lo dem\u00e1s&#8221;.<\/em><\/p><cite>Trump<\/cite><\/blockquote>\n\n\n\n<p>Y a\u00f1adi\u00f3 en otro tuit: <\/p>\n\n\n\n<blockquote class=\"wp-block-quote is-layout-flow wp-block-quote-is-layout-flow\"><p>&#8220;\u00bfTienen la impresi\u00f3n de que a la Corte Suprema no le gusto?&#8221;.<\/p><cite>Trump<\/cite><\/blockquote>\n\n\n\n<p>De acuerdo a lo manifestado parece que el mandatario estadounidense no se rendir\u00e1 con DACA. En otro trino adelant\u00f3 que su administraci\u00f3n &#8220;tendr\u00e1 que empezar el proceso de nuevo&#8221;.<\/p>\n","protected":false},"excerpt":{"rendered":"<p>En una cerrada votaci\u00f3n de 5 \u2013 4 que tuvo lugar el jueves 18 de junio, la Corte Suprema de Estados Unidos decidi\u00f3 bloquear los intentos de la administraci\u00f3n Trump de suspender el programa de Acci\u00f3n Diferida para los Llegados en la Infancia (DACA), que protege alrededor de unos 700 mil j\u00f3venes indocumentados con arraigo [&hellip;]<\/p>\n","protected":false},"author":3,"featured_media":4817,"comment_status":"closed","ping_status":"open","sticky":false,"template":"","format":"standard","meta":{"ocean_post_layout":"","ocean_both_sidebars_style":"","ocean_both_sidebars_content_width":0,"ocean_both_sidebars_sidebars_width":0,"ocean_sidebar":"0","ocean_second_sidebar":"0","ocean_disable_margins":"enable","ocean_add_body_class":"","ocean_shortcode_before_top_bar":"","ocean_shortcode_after_top_bar":"","ocean_shortcode_before_header":"","ocean_shortcode_after_header":"","ocean_has_shortcode":"","ocean_shortcode_after_title":"","ocean_shortcode_before_footer_widgets":"","ocean_shortcode_after_footer_widgets":"","ocean_shortcode_before_footer_bottom":"","ocean_shortcode_after_footer_bottom":"","ocean_display_top_bar":"default","ocean_display_header":"default","ocean_header_style":"","ocean_center_header_left_menu":"0","ocean_custom_header_template":"0","ocean_custom_logo":0,"ocean_custom_retina_logo":0,"ocean_custom_logo_max_width":0,"ocean_custom_logo_tablet_max_width":0,"ocean_custom_logo_mobile_max_width":0,"ocean_custom_logo_max_height":0,"ocean_custom_logo_tablet_max_height":0,"ocean_custom_logo_mobile_max_height":0,"ocean_header_custom_menu":"0","ocean_menu_typo_font_family":"0","ocean_menu_typo_font_subset":"","ocean_menu_typo_font_size":0,"ocean_menu_typo_font_size_tablet":0,"ocean_menu_typo_font_size_mobile":0,"ocean_menu_typo_font_size_unit":"px","ocean_menu_typo_font_weight":"","ocean_menu_typo_font_weight_tablet":"","ocean_menu_typo_font_weight_mobile":"","ocean_menu_typo_transform":"","ocean_menu_typo_transform_tablet":"","ocean_menu_typo_transform_mobile":"","ocean_menu_typo_line_height":0,"ocean_menu_typo_line_height_tablet":0,"ocean_menu_typo_line_height_mobile":0,"ocean_menu_typo_line_height_unit":"","ocean_menu_typo_spacing":0,"ocean_menu_typo_spacing_tablet":0,"ocean_menu_typo_spacing_mobile":0,"ocean_menu_typo_spacing_unit":"","ocean_menu_link_color":"","ocean_menu_link_color_hover":"","ocean_menu_link_color_active":"","ocean_menu_link_background":"","ocean_menu_link_hover_background":"","ocean_menu_link_active_background":"","ocean_menu_social_links_bg":"","ocean_menu_social_hover_links_bg":"","ocean_menu_social_links_color":"","ocean_menu_social_hover_links_color":"","ocean_disable_title":"default","ocean_disable_heading":"default","ocean_post_title":"","ocean_post_subheading":"","ocean_post_title_style":"","ocean_post_title_background_color":"","ocean_post_title_background":0,"ocean_post_title_bg_image_position":"","ocean_post_title_bg_image_attachment":"","ocean_post_title_bg_image_repeat":"","ocean_post_title_bg_image_size":"","ocean_post_title_height":0,"ocean_post_title_bg_overlay":0.5,"ocean_post_title_bg_overlay_color":"","ocean_disable_breadcrumbs":"default","ocean_breadcrumbs_color":"","ocean_breadcrumbs_separator_color":"","ocean_breadcrumbs_links_color":"","ocean_breadcrumbs_links_hover_color":"","ocean_display_footer_widgets":"default","ocean_display_footer_bottom":"default","ocean_custom_footer_template":"0","ocean_post_oembed":"","ocean_post_self_hosted_media":"","ocean_post_video_embed":"","ocean_link_format":"","ocean_link_format_target":"self","ocean_quote_format":"","ocean_quote_format_link":"post","ocean_gallery_link_images":"off","ocean_gallery_id":[],"footnotes":""},"categories":[46],"tags":[],"class_list":["post-4815","post","type-post","status-publish","format-standard","has-post-thumbnail","hentry","category-noticias","entry","has-media"],"_links":{"self":[{"href":"https:\/\/lluislaw.com\/es\/wp-json\/wp\/v2\/posts\/4815","targetHints":{"allow":["GET"]}}],"collection":[{"href":"https:\/\/lluislaw.com\/es\/wp-json\/wp\/v2\/posts"}],"about":[{"href":"https:\/\/lluislaw.com\/es\/wp-json\/wp\/v2\/types\/post"}],"author":[{"embeddable":true,"href":"https:\/\/lluislaw.com\/es\/wp-json\/wp\/v2\/users\/3"}],"replies":[{"embeddable":true,"href":"https:\/\/lluislaw.com\/es\/wp-json\/wp\/v2\/comments?post=4815"}],"version-history":[{"count":0,"href":"https:\/\/lluislaw.com\/es\/wp-json\/wp\/v2\/posts\/4815\/revisions"}],"wp:featuredmedia":[{"embeddable":true,"href":"https:\/\/lluislaw.com\/es\/wp-json\/wp\/v2\/media\/4817"}],"wp:attachment":[{"href":"https:\/\/lluislaw.com\/es\/wp-json\/wp\/v2\/media?parent=4815"}],"wp:term":[{"taxonomy":"category","embeddable":true,"href":"https:\/\/lluislaw.com\/es\/wp-json\/wp\/v2\/categories?post=4815"},{"taxonomy":"post_tag","embeddable":true,"href":"https:\/\/lluislaw.com\/es\/wp-json\/wp\/v2\/tags?post=4815"}],"curies":[{"name":"wp","href":"https:\/\/api.w.org\/{rel}","templated":true}]}}